{"id":794,"date":"2026-04-28T09:58:47","date_gmt":"2026-04-28T07:58:47","guid":{"rendered":"https:\/\/asma-51.fr\/?p=794"},"modified":"2026-04-28T10:00:23","modified_gmt":"2026-04-28T08:00:23","slug":"commande-de-fruits-et-legumes-de-saison","status":"publish","type":"post","link":"https:\/\/asma-51.fr\/index.php\/2026\/04\/28\/commande-de-fruits-et-legumes-de-saison\/","title":{"rendered":"Commande de fruits et l\u00e9gumes de saison"},"content":{"rendered":"\n<p>L\u2019ASMA de la Marne vous propose une commande group\u00e9e de <strong>fruits et l\u00e9gumes de saison<\/strong>.<\/p>\n\n\n\n<p><strong><em>Date limite : 05 mai 2026<\/em><\/strong><\/p>\n\n\n\n<!--more-->\n\n\n\n<p>Pour b\u00e9n\u00e9ficier de cette offre \u00e0 <strong>tarif pr\u00e9f\u00e9rentiel<\/strong> :<\/p>\n\n\n\n<ul class=\"wp-block-list\">\n<li>compl\u00e9ter bon de commande ci-dessous ;<\/li>\n\n\n\n<li>le transmettre \u00e0 l&rsquo;ASMA de la Marne avec le r\u00e8glement par <strong>ch\u00e8que <\/strong><strong>\u00e0 l&rsquo;ordre de l&rsquo;EARL Kandel<\/strong> d&rsquo;ici <strong>mardi 05 mai 2026 matin au plus tard <\/strong>(date de r\u00e9ception du ch\u00e8que, <strong>envois \u00e0 anticiper<\/strong>) ;<\/li>\n\n\n\n<li>pas de virements possibles ni de paiements en esp\u00e8ces ;<\/li>\n\n\n\n<li><strong>livraison <\/strong><strong>jeudi 07 mai 2026 <\/strong><strong>apr\u00e8s-midi au local ASMA<\/strong> (DRAAF Grand Est &#8211; 3 rue du Faubourg St Antoine &#8211; Ch\u00e2lons-en-Champagne) ;<br><\/li>\n<\/ul>\n\n\n\n<p>Toute commande non accompagn\u00e9e du r\u00e8glement par ch\u00e8que \u00e0 l&rsquo;ordre de l&rsquo;EARL Kandel ou re\u00e7ue apr\u00e8s la date limite ne sera pas prise en compte.<\/p>\n\n\n\n<div data-wp-interactive=\"core\/file\" class=\"wp-block-file\"><object data-wp-bind--hidden=\"!state.hasPdfPreview\" hidden class=\"wp-block-file__embed\" data=\"https:\/\/asma-51.fr\/wp-content\/uploads\/2026\/04\/BDC_Fraises_PDT_Oignons_Carottes_Semaine19_2026.pdf\" type=\"application\/pdf\" style=\"width:100%;height:600px\" aria-label=\"Contenu embarqu\u00e9 BDC_Fraises_PDT_Oignons_Carottes_Semaine19_2026.\"><\/object><a id=\"wp-block-file--media-9e8d47cb-8251-40d4-bc2a-89cc6bcb553b\" href=\"https:\/\/asma-51.fr\/wp-content\/uploads\/2026\/04\/BDC_Fraises_PDT_Oignons_Carottes_Semaine19_2026.pdf\">BDC_Fraises_PDT_Oignons_Carottes_Semaine19_2026<\/a><a href=\"https:\/\/asma-51.fr\/wp-content\/uploads\/2026\/04\/BDC_Fraises_PDT_Oignons_Carottes_Semaine19_2026.pdf\" class=\"wp-block-file__button wp-element-button\" download aria-describedby=\"wp-block-file--media-9e8d47cb-8251-40d4-bc2a-89cc6bcb553b\">T\u00e9l\u00e9charger<\/a><\/div>\n\n\n\n<div class=\"wp-block-file\"><a id=\"wp-block-file--media-9c313da2-571f-45cf-8a02-8fc81a017c1c\" href=\"https:\/\/asma-51.fr\/wp-content\/uploads\/2026\/04\/BDC_Fraises_PDT_Oignons_Carottes_Semaine19_2026.xlsx\">BDC_Fraises_PDT_Oignons_Carottes_Semaine19_2026<\/a><a href=\"https:\/\/asma-51.fr\/wp-content\/uploads\/2026\/04\/BDC_Fraises_PDT_Oignons_Carottes_Semaine19_2026.xlsx\" class=\"wp-block-file__button wp-element-button\" download aria-describedby=\"wp-block-file--media-9c313da2-571f-45cf-8a02-8fc81a017c1c\">T\u00e9l\u00e9charger<\/a><\/div>\n\n\n\n<p><\/p>\n","protected":false},"excerpt":{"rendered":"<p>L\u2019ASMA de la Marne vous propose une commande group\u00e9e de fruits et l\u00e9gumes de saison. Date limite : 05 mai 2026<\/p>\n","protected":false},"author":1,"featured_media":797,"comment_status":"closed","ping_status":"open","sticky":false,"template":"","format":"standard","meta":{"footnotes":""},"categories":[6],"tags":[],"class_list":["post-794","post","type-post","status-publish","format-standard","has-post-thumbnail","hentry","category-commandes-groupees"],"yoast_head":"<!-- This site is optimized with the Yoast SEO plugin v24.9 - https:\/\/yoast.com\/wordpress\/plugins\/seo\/ -->\n<title>Commande de fruits et l\u00e9gumes de saison - ASMA de la Marne<\/title>\n<meta name=\"robots\" content=\"index, follow, max-snippet:-1, max-image-preview:large, max-video-preview:-1\" \/>\n<link rel=\"canonical\" href=\"https:\/\/asma-51.fr\/index.php\/2026\/04\/28\/commande-de-fruits-et-legumes-de-saison\/\" \/>\n<meta property=\"og:locale\" content=\"fr_FR\" \/>\n<meta property=\"og:type\" content=\"article\" \/>\n<meta property=\"og:title\" content=\"Commande de fruits et l\u00e9gumes de saison - ASMA de la Marne\" \/>\n<meta property=\"og:description\" content=\"L\u2019ASMA de la Marne vous propose une commande group\u00e9e de fruits et l\u00e9gumes de saison. Date limite : 05 mai 2026\" \/>\n<meta property=\"og:url\" content=\"https:\/\/asma-51.fr\/index.php\/2026\/04\/28\/commande-de-fruits-et-legumes-de-saison\/\" \/>\n<meta property=\"og:site_name\" content=\"ASMA de la Marne\" \/>\n<meta property=\"article:published_time\" content=\"2026-04-28T07:58:47+00:00\" \/>\n<meta property=\"article:modified_time\" content=\"2026-04-28T08:00:23+00:00\" \/>\n<meta property=\"og:image\" content=\"http:\/\/asma-51.fr\/wp-content\/uploads\/2026\/04\/fruits-legumes-saison-printemps-ete-1580x770-1.jpg\" \/>\n\t<meta property=\"og:image:width\" content=\"1580\" \/>\n\t<meta property=\"og:image:height\" content=\"770\" \/>\n\t<meta property=\"og:image:type\" content=\"image\/jpeg\" \/>\n<meta name=\"author\" content=\"Amelie\" \/>\n<meta name=\"twitter:card\" content=\"summary_large_image\" \/>\n<meta name=\"twitter:label1\" content=\"\u00c9crit par\" \/>\n\t<meta name=\"twitter:data1\" content=\"Amelie\" \/>\n\t<meta name=\"twitter:label2\" content=\"Dur\u00e9e de lecture estim\u00e9e\" \/>\n\t<meta name=\"twitter:data2\" content=\"1 minute\" \/>\n<script type=\"application\/ld+json\" class=\"yoast-schema-graph\">{\"@context\":\"https:\/\/schema.org\",\"@graph\":[{\"@type\":\"Article\",\"@id\":\"https:\/\/asma-51.fr\/index.php\/2026\/04\/28\/commande-de-fruits-et-legumes-de-saison\/#article\",\"isPartOf\":{\"@id\":\"https:\/\/asma-51.fr\/index.php\/2026\/04\/28\/commande-de-fruits-et-legumes-de-saison\/\"},\"author\":{\"name\":\"Amelie\",\"@id\":\"https:\/\/asma-51.fr\/#\/schema\/person\/64d3db0a64ec97cdf16e7f72577b9a3a\"},\"headline\":\"Commande de fruits et l\u00e9gumes de saison\",\"datePublished\":\"2026-04-28T07:58:47+00:00\",\"dateModified\":\"2026-04-28T08:00:23+00:00\",\"mainEntityOfPage\":{\"@id\":\"https:\/\/asma-51.fr\/index.php\/2026\/04\/28\/commande-de-fruits-et-legumes-de-saison\/\"},\"wordCount\":156,\"publisher\":{\"@id\":\"https:\/\/asma-51.fr\/#organization\"},\"image\":{\"@id\":\"https:\/\/asma-51.fr\/index.php\/2026\/04\/28\/commande-de-fruits-et-legumes-de-saison\/#primaryimage\"},\"thumbnailUrl\":\"https:\/\/asma-51.fr\/wp-content\/uploads\/2026\/04\/fruits-legumes-saison-printemps-ete-1580x770-1.jpg\",\"articleSection\":[\"Commandes group\u00e9es\"],\"inLanguage\":\"fr-FR\"},{\"@type\":\"WebPage\",\"@id\":\"https:\/\/asma-51.fr\/index.php\/2026\/04\/28\/commande-de-fruits-et-legumes-de-saison\/\",\"url\":\"https:\/\/asma-51.fr\/index.php\/2026\/04\/28\/commande-de-fruits-et-legumes-de-saison\/\",\"name\":\"Commande de fruits et l\u00e9gumes de saison - ASMA de la Marne\",\"isPartOf\":{\"@id\":\"https:\/\/asma-51.fr\/#website\"},\"primaryImageOfPage\":{\"@id\":\"https:\/\/asma-51.fr\/index.php\/2026\/04\/28\/commande-de-fruits-et-legumes-de-saison\/#primaryimage\"},\"image\":{\"@id\":\"https:\/\/asma-51.fr\/index.php\/2026\/04\/28\/commande-de-fruits-et-legumes-de-saison\/#primaryimage\"},\"thumbnailUrl\":\"https:\/\/asma-51.fr\/wp-content\/uploads\/2026\/04\/fruits-legumes-saison-printemps-ete-1580x770-1.jpg\",\"datePublished\":\"2026-04-28T07:58:47+00:00\",\"dateModified\":\"2026-04-28T08:00:23+00:00\",\"breadcrumb\":{\"@id\":\"https:\/\/asma-51.fr\/index.php\/2026\/04\/28\/commande-de-fruits-et-legumes-de-saison\/#breadcrumb\"},\"inLanguage\":\"fr-FR\",\"potentialAction\":[{\"@type\":\"ReadAction\",\"target\":[\"https:\/\/asma-51.fr\/index.php\/2026\/04\/28\/commande-de-fruits-et-legumes-de-saison\/\"]}]},{\"@type\":\"ImageObject\",\"inLanguage\":\"fr-FR\",\"@id\":\"https:\/\/asma-51.fr\/index.php\/2026\/04\/28\/commande-de-fruits-et-legumes-de-saison\/#primaryimage\",\"url\":\"https:\/\/asma-51.fr\/wp-content\/uploads\/2026\/04\/fruits-legumes-saison-printemps-ete-1580x770-1.jpg\",\"contentUrl\":\"https:\/\/asma-51.fr\/wp-content\/uploads\/2026\/04\/fruits-legumes-saison-printemps-ete-1580x770-1.jpg\",\"width\":1580,\"height\":770},{\"@type\":\"BreadcrumbList\",\"@id\":\"https:\/\/asma-51.fr\/index.php\/2026\/04\/28\/commande-de-fruits-et-legumes-de-saison\/#breadcrumb\",\"itemListElement\":[{\"@type\":\"ListItem\",\"position\":1,\"name\":\"Accueil\",\"item\":\"https:\/\/asma-51.fr\/\"},{\"@type\":\"ListItem\",\"position\":2,\"name\":\"Commande de fruits et l\u00e9gumes de saison\"}]},{\"@type\":\"WebSite\",\"@id\":\"https:\/\/asma-51.fr\/#website\",\"url\":\"https:\/\/asma-51.fr\/\",\"name\":\"ASMA de la Marne\",\"description\":\"Association d\u00e9partementale d&#039;action sociale, culturelle, sportive et de loisirs des personnels du minist\u00e8re en charge de l&#039;agriculture\",\"publisher\":{\"@id\":\"https:\/\/asma-51.fr\/#organization\"},\"potentialAction\":[{\"@type\":\"SearchAction\",\"target\":{\"@type\":\"EntryPoint\",\"urlTemplate\":\"https:\/\/asma-51.fr\/?s={search_term_string}\"},\"query-input\":{\"@type\":\"PropertyValueSpecification\",\"valueRequired\":true,\"valueName\":\"search_term_string\"}}],\"inLanguage\":\"fr-FR\"},{\"@type\":\"Organization\",\"@id\":\"https:\/\/asma-51.fr\/#organization\",\"name\":\"ASMA de la Marne\",\"url\":\"https:\/\/asma-51.fr\/\",\"logo\":{\"@type\":\"ImageObject\",\"inLanguage\":\"fr-FR\",\"@id\":\"https:\/\/asma-51.fr\/#\/schema\/logo\/image\/\",\"url\":\"https:\/\/asma-51.fr\/wp-content\/uploads\/2021\/11\/chocolats-scaled.jpg\",\"contentUrl\":\"https:\/\/asma-51.fr\/wp-content\/uploads\/2021\/11\/chocolats-scaled.jpg\",\"width\":2560,\"height\":1707,\"caption\":\"ASMA de la Marne\"},\"image\":{\"@id\":\"https:\/\/asma-51.fr\/#\/schema\/logo\/image\/\"}},{\"@type\":\"Person\",\"@id\":\"https:\/\/asma-51.fr\/#\/schema\/person\/64d3db0a64ec97cdf16e7f72577b9a3a\",\"name\":\"Amelie\",\"image\":{\"@type\":\"ImageObject\",\"inLanguage\":\"fr-FR\",\"@id\":\"https:\/\/asma-51.fr\/#\/schema\/person\/image\/\",\"url\":\"https:\/\/secure.gravatar.com\/avatar\/855e1f3afaa9831b830543b0a566057a04429958d1de1815cde0abac9579f25c?s=96&d=mm&r=g\",\"contentUrl\":\"https:\/\/secure.gravatar.com\/avatar\/855e1f3afaa9831b830543b0a566057a04429958d1de1815cde0abac9579f25c?s=96&d=mm&r=g\",\"caption\":\"Amelie\"},\"sameAs\":[\"http:\/\/asma-51.fr\"],\"url\":\"https:\/\/asma-51.fr\/index.php\/author\/admin4192\/\"}]}<\/script>\n<!-- \/ Yoast SEO plugin. -->","yoast_head_json":{"title":"Commande de fruits et l\u00e9gumes de saison - ASMA de la Marne","robots":{"index":"index","follow":"follow","max-snippet":"max-snippet:-1","max-image-preview":"max-image-preview:large","max-video-preview":"max-video-preview:-1"},"canonical":"https:\/\/asma-51.fr\/index.php\/2026\/04\/28\/commande-de-fruits-et-legumes-de-saison\/","og_locale":"fr_FR","og_type":"article","og_title":"Commande de fruits et l\u00e9gumes de saison - ASMA de la Marne","og_description":"L\u2019ASMA de la Marne vous propose une commande group\u00e9e de fruits et l\u00e9gumes de saison. Date limite : 05 mai 2026","og_url":"https:\/\/asma-51.fr\/index.php\/2026\/04\/28\/commande-de-fruits-et-legumes-de-saison\/","og_site_name":"ASMA de la Marne","article_published_time":"2026-04-28T07:58:47+00:00","article_modified_time":"2026-04-28T08:00:23+00:00","og_image":[{"width":1580,"height":770,"url":"http:\/\/asma-51.fr\/wp-content\/uploads\/2026\/04\/fruits-legumes-saison-printemps-ete-1580x770-1.jpg","type":"image\/jpeg"}],"author":"Amelie","twitter_card":"summary_large_image","twitter_misc":{"\u00c9crit par":"Amelie","Dur\u00e9e de lecture estim\u00e9e":"1 minute"},"schema":{"@context":"https:\/\/schema.org","@graph":[{"@type":"Article","@id":"https:\/\/asma-51.fr\/index.php\/2026\/04\/28\/commande-de-fruits-et-legumes-de-saison\/#article","isPartOf":{"@id":"https:\/\/asma-51.fr\/index.php\/2026\/04\/28\/commande-de-fruits-et-legumes-de-saison\/"},"author":{"name":"Amelie","@id":"https:\/\/asma-51.fr\/#\/schema\/person\/64d3db0a64ec97cdf16e7f72577b9a3a"},"headline":"Commande de fruits et l\u00e9gumes de saison","datePublished":"2026-04-28T07:58:47+00:00","dateModified":"2026-04-28T08:00:23+00:00","mainEntityOfPage":{"@id":"https:\/\/asma-51.fr\/index.php\/2026\/04\/28\/commande-de-fruits-et-legumes-de-saison\/"},"wordCount":156,"publisher":{"@id":"https:\/\/asma-51.fr\/#organization"},"image":{"@id":"https:\/\/asma-51.fr\/index.php\/2026\/04\/28\/commande-de-fruits-et-legumes-de-saison\/#primaryimage"},"thumbnailUrl":"https:\/\/asma-51.fr\/wp-content\/uploads\/2026\/04\/fruits-legumes-saison-printemps-ete-1580x770-1.jpg","articleSection":["Commandes group\u00e9es"],"inLanguage":"fr-FR"},{"@type":"WebPage","@id":"https:\/\/asma-51.fr\/index.php\/2026\/04\/28\/commande-de-fruits-et-legumes-de-saison\/","url":"https:\/\/asma-51.fr\/index.php\/2026\/04\/28\/commande-de-fruits-et-legumes-de-saison\/","name":"Commande de fruits et l\u00e9gumes de saison - ASMA de la Marne","isPartOf":{"@id":"https:\/\/asma-51.fr\/#website"},"primaryImageOfPage":{"@id":"https:\/\/asma-51.fr\/index.php\/2026\/04\/28\/commande-de-fruits-et-legumes-de-saison\/#primaryimage"},"image":{"@id":"https:\/\/asma-51.fr\/index.php\/2026\/04\/28\/commande-de-fruits-et-legumes-de-saison\/#primaryimage"},"thumbnailUrl":"https:\/\/asma-51.fr\/wp-content\/uploads\/2026\/04\/fruits-legumes-saison-printemps-ete-1580x770-1.jpg","datePublished":"2026-04-28T07:58:47+00:00","dateModified":"2026-04-28T08:00:23+00:00","breadcrumb":{"@id":"https:\/\/asma-51.fr\/index.php\/2026\/04\/28\/commande-de-fruits-et-legumes-de-saison\/#breadcrumb"},"inLanguage":"fr-FR","potentialAction":[{"@type":"ReadAction","target":["https:\/\/asma-51.fr\/index.php\/2026\/04\/28\/commande-de-fruits-et-legumes-de-saison\/"]}]},{"@type":"ImageObject","inLanguage":"fr-FR","@id":"https:\/\/asma-51.fr\/index.php\/2026\/04\/28\/commande-de-fruits-et-legumes-de-saison\/#primaryimage","url":"https:\/\/asma-51.fr\/wp-content\/uploads\/2026\/04\/fruits-legumes-saison-printemps-ete-1580x770-1.jpg","contentUrl":"https:\/\/asma-51.fr\/wp-content\/uploads\/2026\/04\/fruits-legumes-saison-printemps-ete-1580x770-1.jpg","width":1580,"height":770},{"@type":"BreadcrumbList","@id":"https:\/\/asma-51.fr\/index.php\/2026\/04\/28\/commande-de-fruits-et-legumes-de-saison\/#breadcrumb","itemListElement":[{"@type":"ListItem","position":1,"name":"Accueil","item":"https:\/\/asma-51.fr\/"},{"@type":"ListItem","position":2,"name":"Commande de fruits et l\u00e9gumes de saison"}]},{"@type":"WebSite","@id":"https:\/\/asma-51.fr\/#website","url":"https:\/\/asma-51.fr\/","name":"ASMA de la Marne","description":"Association d\u00e9partementale d&#039;action sociale, culturelle, sportive et de loisirs des personnels du minist\u00e8re en charge de l&#039;agriculture","publisher":{"@id":"https:\/\/asma-51.fr\/#organization"},"potentialAction":[{"@type":"SearchAction","target":{"@type":"EntryPoint","urlTemplate":"https:\/\/asma-51.fr\/?s={search_term_string}"},"query-input":{"@type":"PropertyValueSpecification","valueRequired":true,"valueName":"search_term_string"}}],"inLanguage":"fr-FR"},{"@type":"Organization","@id":"https:\/\/asma-51.fr\/#organization","name":"ASMA de la Marne","url":"https:\/\/asma-51.fr\/","logo":{"@type":"ImageObject","inLanguage":"fr-FR","@id":"https:\/\/asma-51.fr\/#\/schema\/logo\/image\/","url":"https:\/\/asma-51.fr\/wp-content\/uploads\/2021\/11\/chocolats-scaled.jpg","contentUrl":"https:\/\/asma-51.fr\/wp-content\/uploads\/2021\/11\/chocolats-scaled.jpg","width":2560,"height":1707,"caption":"ASMA de la Marne"},"image":{"@id":"https:\/\/asma-51.fr\/#\/schema\/logo\/image\/"}},{"@type":"Person","@id":"https:\/\/asma-51.fr\/#\/schema\/person\/64d3db0a64ec97cdf16e7f72577b9a3a","name":"Amelie","image":{"@type":"ImageObject","inLanguage":"fr-FR","@id":"https:\/\/asma-51.fr\/#\/schema\/person\/image\/","url":"https:\/\/secure.gravatar.com\/avatar\/855e1f3afaa9831b830543b0a566057a04429958d1de1815cde0abac9579f25c?s=96&d=mm&r=g","contentUrl":"https:\/\/secure.gravatar.com\/avatar\/855e1f3afaa9831b830543b0a566057a04429958d1de1815cde0abac9579f25c?s=96&d=mm&r=g","caption":"Amelie"},"sameAs":["http:\/\/asma-51.fr"],"url":"https:\/\/asma-51.fr\/index.php\/author\/admin4192\/"}]}},"_links":{"self":[{"href":"https:\/\/asma-51.fr\/index.php\/wp-json\/wp\/v2\/posts\/794","targetHints":{"allow":["GET"]}}],"collection":[{"href":"https:\/\/asma-51.fr\/index.php\/wp-json\/wp\/v2\/posts"}],"about":[{"href":"https:\/\/asma-51.fr\/index.php\/wp-json\/wp\/v2\/types\/post"}],"author":[{"embeddable":true,"href":"https:\/\/asma-51.fr\/index.php\/wp-json\/wp\/v2\/users\/1"}],"replies":[{"embeddable":true,"href":"https:\/\/asma-51.fr\/index.php\/wp-json\/wp\/v2\/comments?post=794"}],"version-history":[{"count":3,"href":"https:\/\/asma-51.fr\/index.php\/wp-json\/wp\/v2\/posts\/794\/revisions"}],"predecessor-version":[{"id":803,"href":"https:\/\/asma-51.fr\/index.php\/wp-json\/wp\/v2\/posts\/794\/revisions\/803"}],"wp:featuredmedia":[{"embeddable":true,"href":"https:\/\/asma-51.fr\/index.php\/wp-json\/wp\/v2\/media\/797"}],"wp:attachment":[{"href":"https:\/\/asma-51.fr\/index.php\/wp-json\/wp\/v2\/media?parent=794"}],"wp:term":[{"taxonomy":"category","embeddable":true,"href":"https:\/\/asma-51.fr\/index.php\/wp-json\/wp\/v2\/categories?post=794"},{"taxonomy":"post_tag","embeddable":true,"href":"https:\/\/asma-51.fr\/index.php\/wp-json\/wp\/v2\/tags?post=794"}],"curies":[{"name":"wp","href":"https:\/\/api.w.org\/{rel}","templated":true}]}}